{"id":274,"date":"2024-04-19T09:00:00","date_gmt":"2024-04-19T14:00:00","guid":{"rendered":"https:\/\/leoncyapp.com.co\/wp-backend\/?p=274"},"modified":"2024-04-18T10:50:14","modified_gmt":"2024-04-18T15:50:14","slug":"estas-son-las-estaciones-de-transmilenio-que-cerrarian-en-mayo-por-obras","status":"publish","type":"post","link":"https:\/\/leoncyapp.com.co\/blog\/estas-son-las-estaciones-de-transmilenio-que-cerrarian-en-mayo-por-obras\/","title":{"rendered":"Estas son las estaciones de Transmilenio que cerrar\u00edan en mayo por obras"},"content":{"rendered":"<div class=\"wp-block-post-date\"><time datetime=\"2024-04-19T09:00:00-05:00\">19 de abril de 2024<\/time><\/div>\n\n\n<hr class=\"wp-block-separator has-alpha-channel-opacity\" style=\"margin-top:var(--wp--preset--spacing--30);margin-bottom:var(--wp--preset--spacing--30)\"\/>\n\n\n\n<figure class=\"wp-block-image size-large\"><img loading=\"lazy\" decoding=\"async\" width=\"1024\" height=\"683\" src=\"https:\/\/leoncyapp.com.co\/wp-backend\/wp-content\/uploads\/2024\/04\/elevated-train-passing-over-bridge-awesome-citysc-2023-11-27-04-54-35-utc-1-1024x683.jpg\" alt=\"\" class=\"wp-image-275\" srcset=\"https:\/\/leoncyapp.com.co\/blog\/wp-content\/uploads\/2024\/04\/elevated-train-passing-over-bridge-awesome-citysc-2023-11-27-04-54-35-utc-1-1024x683.jpg 1024w, https:\/\/leoncyapp.com.co\/blog\/wp-content\/uploads\/2024\/04\/elevated-train-passing-over-bridge-awesome-citysc-2023-11-27-04-54-35-utc-1-300x200.jpg 300w, https:\/\/leoncyapp.com.co\/blog\/wp-content\/uploads\/2024\/04\/elevated-train-passing-over-bridge-awesome-citysc-2023-11-27-04-54-35-utc-1-768x512.jpg 768w, https:\/\/leoncyapp.com.co\/blog\/wp-content\/uploads\/2024\/04\/elevated-train-passing-over-bridge-awesome-citysc-2023-11-27-04-54-35-utc-1.jpg 1200w\" sizes=\"auto, (max-width: 1024px) 100vw, 1024px\" \/><\/figure>\n\n\n\n<p>Las obras del Metro de Bogot\u00e1 avanzan a toda marcha y, como era de esperarse, algunos cierres viales y de estaciones de Transmilenio son necesarios para su desarrollo. Adem\u00e1s, de prever mayor tiempo de desplazamiento, los cierres pueden generar congesti\u00f3n en las v\u00edas alternas.<\/p>\n\n\n\n<p>Estas son las estaciones que cerrar\u00e1n en mayo:<\/p>\n\n\n\n<ul class=\"wp-block-list\">\n<li>Marly: ubicada en la Avenida Caracas con Calle 45.<\/li>\n\n\n\n<li>Calle 26: ubicada en la Avenida Caracas con Calle 26.<\/li>\n<\/ul>\n\n\n\n<p>Y estas las estaciones que cerrar\u00e1n en fechas posteriores:<\/p>\n\n\n\n<ul class=\"wp-block-list\">\n<li>Calle 63: ubicada en la Avenida Caracas con Calle 63. Cierre previsto para julio de 2024.<\/li>\n\n\n\n<li>Calle 72: ubicada en la Avenida Caracas con Calle 72. Cierre previsto para agosto de 2024.<\/li>\n<\/ul>\n\n\n\n<p>Te recomendamos planear tus viajes con anticipaci\u00f3n por medio de rutas alternas, para m\u00e1s informaci\u00f3n consulta los mapas disponibles en la p\u00e1gina web de Transmilenio: <a href=\"https:\/\/en.wikipedia.org\/wiki\/TransMilenio\">https:\/\/en.wikipedia.org\/wiki\/TransMilenio<\/a>. Y si es posible, utiliza otros medios alternos como: buses zonales, taxis o bicicletas.<\/p>\n\n\n\n<p>Por medio web debes estar atento a la informaci\u00f3n oficial de Transmilenio y la empresa Metro de Bogot\u00e1 los cuales, estar\u00e1n informando constantemente sobre los avances de las obras y los cierres viales.<\/p>\n\n\n\n<p>Es importante recordar que estos cierres son temporales y necesarios para la construcci\u00f3n del Metro de Bogot\u00e1, un proyecto que traer\u00e1 grandes beneficios a la ciudad en t\u00e9rminos de movilidad, sostenibilidad y calidad de vida.<\/p>\n\n\n\n<p>S\u00edguenos en redes sociales y ent\u00e9rate de todas las noticias referentes al tr\u00e1nsito y transporte:<\/p>\n\n\n\n<p><a href=\"https:\/\/www.instagram.com\/leoncyapp\/\">https:\/\/www.instagram.com\/leoncyapp\/<\/a><\/p>\n\n\n\n<p><a href=\"https:\/\/www.tiktok.com\/@leoncyapp\">https:\/\/www.tiktok.com\/@leoncyapp<\/a><\/p>\n","protected":false},"excerpt":{"rendered":"<p>Las obras del Metro de Bogot\u00e1 avanzan a toda marcha y, como era de esperarse, algunos cierres viales y de estaciones de Transmilenio son necesarios para su desarrollo. Adem\u00e1s, de prever mayor tiempo de desplazamiento, los cierres pueden generar congesti\u00f3n en las v\u00edas alternas. Estas son las estaciones que cerrar\u00e1n en mayo: Y estas las [&hellip;]<\/p>\n","protected":false},"author":2,"featured_media":275,"comment_status":"closed","ping_status":"","sticky":false,"template":"","format":"standard","meta":{"footnotes":""},"categories":[4],"tags":[99,100,102,97,98,96,95],"class_list":["post-274","post","type-post","status-publish","format-standard","has-post-thumbnail","hentry","category-blog","tag-calle-26","tag-calle-63","tag-calle-72","tag-estaciones-de-transmilenio","tag-marly","tag-metro-de-bogota","tag-transmilenio"],"_links":{"self":[{"href":"https:\/\/leoncyapp.com.co\/blog\/wp-json\/wp\/v2\/posts\/274","targetHints":{"allow":["GET"]}}],"collection":[{"href":"https:\/\/leoncyapp.com.co\/blog\/wp-json\/wp\/v2\/posts"}],"about":[{"href":"https:\/\/leoncyapp.com.co\/blog\/wp-json\/wp\/v2\/types\/post"}],"author":[{"embeddable":true,"href":"https:\/\/leoncyapp.com.co\/blog\/wp-json\/wp\/v2\/users\/2"}],"replies":[{"embeddable":true,"href":"https:\/\/leoncyapp.com.co\/blog\/wp-json\/wp\/v2\/comments?post=274"}],"version-history":[{"count":1,"href":"https:\/\/leoncyapp.com.co\/blog\/wp-json\/wp\/v2\/posts\/274\/revisions"}],"predecessor-version":[{"id":276,"href":"https:\/\/leoncyapp.com.co\/blog\/wp-json\/wp\/v2\/posts\/274\/revisions\/276"}],"wp:featuredmedia":[{"embeddable":true,"href":"https:\/\/leoncyapp.com.co\/blog\/wp-json\/wp\/v2\/media\/275"}],"wp:attachment":[{"href":"https:\/\/leoncyapp.com.co\/blog\/wp-json\/wp\/v2\/media?parent=274"}],"wp:term":[{"taxonomy":"category","embeddable":true,"href":"https:\/\/leoncyapp.com.co\/blog\/wp-json\/wp\/v2\/categories?post=274"},{"taxonomy":"post_tag","embeddable":true,"href":"https:\/\/leoncyapp.com.co\/blog\/wp-json\/wp\/v2\/tags?post=274"}],"curies":[{"name":"wp","href":"https:\/\/api.w.org\/{rel}","templated":true}]}}